{"id":3417,"date":"2026-08-30T19:28:56","date_gmt":"2026-08-30T17:28:56","guid":{"rendered":"https:\/\/amisjosephvaylet.fr\/?p=3417"},"modified":"2026-08-30T20:12:28","modified_gmt":"2026-08-30T18:12:28","slug":"st-justin-2026","status":"publish","type":"post","link":"https:\/\/amisjosephvaylet.fr\/?p=3417","title":{"rendered":"St Justin 2026"},"content":{"rendered":"<p>Omenatge de l&rsquo;Associacion \u00ab\u00a0Les Amis de Joseph Vaylet-Occitans en Roergue-Naut\u00a0\u00bb :<br \/>\nT\u00e8xtes legits pendent la ceremoni\u00e1 de remesa del pr\u00e8mi Enric Mouly a Andr\u00e9 Valadier lo 11 d&rsquo;agost de 2026 a La Tarrissa.<\/p>\n\n<table id=\"tablepress-15\" class=\"tablepress tablepress-id-15\">\n<thead>\n<tr class=\"row-1\">\n\t<th class=\"column-1\"><img loading=\"lazy\" decoding=\"async\" src=\"https:\/\/amisjosephvaylet.fr\/wp-content\/uploads\/2026\/08\/Sant-Justin-2026-300x119.jpg\" alt=\"\" width=\"300\" height=\"119\" class=\"alignnone size-medium wp-image-3415\" srcset=\"https:\/\/amisjosephvaylet.fr\/wp-content\/uploads\/2026\/08\/Sant-Justin-2026-300x119.jpg 300w, https:\/\/amisjosephvaylet.fr\/wp-content\/uploads\/2026\/08\/Sant-Justin-2026-768x305.jpg 768w, https:\/\/amisjosephvaylet.fr\/wp-content\/uploads\/2026\/08\/Sant-Justin-2026.jpg 810w\" sizes=\"auto, (max-width: 300px) 85vw, 300px\" \/><\/th><th class=\"column-2\"><img loading=\"lazy\" decoding=\"async\" src=\"https:\/\/amisjosephvaylet.fr\/wp-content\/uploads\/2026\/08\/Un-cop-era-202x300.jpg\" alt=\"\" width=\"202\" height=\"300\" class=\"alignnone size-medium wp-image-3416\" srcset=\"https:\/\/amisjosephvaylet.fr\/wp-content\/uploads\/2026\/08\/Un-cop-era-202x300.jpg 202w, https:\/\/amisjosephvaylet.fr\/wp-content\/uploads\/2026\/08\/Un-cop-era.jpg 619w\" sizes=\"auto, (max-width: 202px) 85vw, 202px\" \/><a href=\"https:\/\/amisjosephvaylet.fr\/wp-content\/uploads\/2026\/08\/Un-cop-era.jpg\" <\/th>\n<\/tr>\n<\/thead>\n<tbody class=\"row-striping row-hover\">\n<tr class=\"row-2\">\n\t<td class=\"column-1\"><\/td><td class=\"column-2\"><a href=\"https:\/\/amisjosephvaylet.fr\/wp-content\/uploads\/2026\/08\/Un-cop-era.jpg\" target=\"_blank\">Un c\u00f2p \u00e8ra<\/a><\/td>\n<\/tr>\n<tr class=\"row-3\">\n\t<td class=\"column-1\"><img loading=\"lazy\" decoding=\"async\" src=\"https:\/\/amisjosephvaylet.fr\/wp-content\/uploads\/2026\/08\/Andre-Valadier-par-Zefir-page-1-213x300.jpg\" alt=\"\" width=\"213\" height=\"300\" <a href=\"https:\/\/amisjosephvaylet.fr\/wp-content\/uploads\/2026\/08\/Andre-Valadier-par-Zefir-page-1-scaled.jpg\" <\/td><td class=\"column-2\"><img loading=\"lazy\" decoding=\"async\" src=\"https:\/\/amisjosephvaylet.fr\/wp-content\/uploads\/2026\/08\/Andre-Valadier-par-Zefir-page-2-213x300.jpg\" alt=\"\" width=\"213\" height=\"300\" class=\"alignnone size-medium wp-image-3414\" srcset=\"https:\/\/amisjosephvaylet.fr\/wp-content\/uploads\/2026\/08\/Andre-Valadier-par-Zefir-page-2-213x300.jpg 213w, https:\/\/amisjosephvaylet.fr\/wp-content\/uploads\/2026\/08\/Andre-Valadier-par-Zefir-page-2-727x1024.jpg 727w, https:\/\/amisjosephvaylet.fr\/wp-content\/uploads\/2026\/08\/Andre-Valadier-par-Zefir-page-2-768x1081.jpg 768w, https:\/\/amisjosephvaylet.fr\/wp-content\/uploads\/2026\/08\/Andre-Valadier-par-Zefir-page-2-1091x1536.jpg 1091w, https:\/\/amisjosephvaylet.fr\/wp-content\/uploads\/2026\/08\/Andre-Valadier-par-Zefir-page-2-1455x2048.jpg 1455w, https:\/\/amisjosephvaylet.fr\/wp-content\/uploads\/2026\/08\/Andre-Valadier-par-Zefir-page-2-1200x1689.jpg 1200w, https:\/\/amisjosephvaylet.fr\/wp-content\/uploads\/2026\/08\/Andre-Valadier-par-Zefir-page-2-scaled.jpg 1819w\" sizes=\"auto, (max-width: 213px) 85vw, 213px\" \/><a href=\"https:\/\/amisjosephvaylet.fr\/wp-content\/uploads\/2026\/08\/Andre-Valadier-par-Zefir-page-2-scaled.jpg\" <\/td>\n<\/tr>\n<tr class=\"row-4\">\n\t<td class=\"column-1\"><a href=\"https:\/\/amisjosephvaylet.fr\/wp-content\/uploads\/2026\/08\/Andre-Valadier-par-Zefir-page-1-scaled.jpg\" target=\"_blank\">Andr\u00e9 Valadier page 1<\/a><\/td><td class=\"column-2\"><a href=\"https:\/\/amisjosephvaylet.fr\/wp-content\/uploads\/2026\/08\/Andre-Valadier-par-Zefir-page-2-scaled.jpg\" target=\"_blank\">Andr\u00e9 Valadier page 2<\/a><\/td>\n<\/tr>\n<\/tbody>\n<\/table>\n<!-- #tablepress-15 from cache -->\n","protected":false},"excerpt":{"rendered":"<p>Omenatge de l&rsquo;Associacion \u00ab\u00a0Les Amis de Joseph Vaylet-Occitans en Roergue-Naut\u00a0\u00bb : T\u00e8xtes legits pendent la ceremoni\u00e1 de remesa del pr\u00e8mi Enric Mouly a Andr\u00e9 Valadier lo 11 d&rsquo;agost de 2026 a La Tarrissa.<\/p>\n","protected":false},"author":5,"featured_media":0,"comment_status":"closed","ping_status":"closed","sticky":false,"template":"","format":"standard","meta":{"footnotes":""},"categories":[1],"tags":[],"class_list":["post-3417","post","type-post","status-publish","format-standard","hentry","category-non-classe"],"_links":{"self":[{"href":"https:\/\/amisjosephvaylet.fr\/index.php?rest_route=\/wp\/v2\/posts\/3417","targetHints":{"allow":["GET"]}}],"collection":[{"href":"https:\/\/amisjosephvaylet.fr\/index.php?rest_route=\/wp\/v2\/posts"}],"about":[{"href":"https:\/\/amisjosephvaylet.fr\/index.php?rest_route=\/wp\/v2\/types\/post"}],"author":[{"embeddable":true,"href":"https:\/\/amisjosephvaylet.fr\/index.php?rest_route=\/wp\/v2\/users\/5"}],"replies":[{"embeddable":true,"href":"https:\/\/amisjosephvaylet.fr\/index.php?rest_route=%2Fwp%2Fv2%2Fcomments&post=3417"}],"version-history":[{"count":6,"href":"https:\/\/amisjosephvaylet.fr\/index.php?rest_route=\/wp\/v2\/posts\/3417\/revisions"}],"predecessor-version":[{"id":3450,"href":"https:\/\/amisjosephvaylet.fr\/index.php?rest_route=\/wp\/v2\/posts\/3417\/revisions\/3450"}],"wp:attachment":[{"href":"https:\/\/amisjosephvaylet.fr\/index.php?rest_route=%2Fwp%2Fv2%2Fmedia&parent=3417"}],"wp:term":[{"taxonomy":"category","embeddable":true,"href":"https:\/\/amisjosephvaylet.fr\/index.php?rest_route=%2Fwp%2Fv2%2Fcategories&post=3417"},{"taxonomy":"post_tag","embeddable":true,"href":"https:\/\/amisjosephvaylet.fr\/index.php?rest_route=%2Fwp%2Fv2%2Ftags&post=3417"}],"curies":[{"name":"wp","href":"https:\/\/api.w.org\/{rel}","templated":true}]}}